{"id":454,"date":"2024-04-29T19:57:59","date_gmt":"2024-04-29T17:57:59","guid":{"rendered":"http:\/\/www.commeunvolcan.fr\/?p=454"},"modified":"2026-04-03T08:57:47","modified_gmt":"2026-04-03T06:57:47","slug":"decouverte-du-tournage","status":"publish","type":"post","link":"https:\/\/www.commeunvolcan.fr\/index.php\/2024\/04\/29\/decouverte-du-tournage\/","title":{"rendered":"Stages de tournage"},"content":{"rendered":"<p>[et_pb_section fb_built=\u00a0\u00bb1&Prime; _builder_version=\u00a0\u00bb4.25.0&Prime; _module_preset=\u00a0\u00bbdefault\u00a0\u00bb custom_margin=\u00a0\u00bb29px||0px||false|false\u00a0\u00bb custom_padding=\u00a0\u00bb0px||0px||false|false\u00a0\u00bb global_colors_info=\u00a0\u00bb{}\u00a0\u00bb][et_pb_row _builder_version=\u00a0\u00bb4.25.0&Prime; _module_preset=\u00a0\u00bbdefault\u00a0\u00bb global_colors_info=\u00a0\u00bb{}\u00a0\u00bb][et_pb_column type=\u00a0\u00bb4_4&Prime; _builder_version=\u00a0\u00bb4.25.0&Prime; _module_preset=\u00a0\u00bbdefault\u00a0\u00bb global_colors_info=\u00a0\u00bb{}\u00a0\u00bb][et_pb_heading title=\u00a0\u00bbProgrammation 2026&Prime; _builder_version=\u00a0\u00bb4.25.0&Prime; _module_preset=\u00a0\u00bbdefault\u00a0\u00bb global_colors_info=\u00a0\u00bb{}\u00a0\u00bb][\/et_pb_heading][\/et_pb_column][\/et_pb_row][\/et_pb_section][et_pb_section fb_built=\u00a0\u00bb1&Prime; _builder_version=\u00a0\u00bb4.25.0&Prime; _module_preset=\u00a0\u00bbdefault\u00a0\u00bb custom_margin=\u00a0\u00bb0px||0px||false|false\u00a0\u00bb custom_padding=\u00a0\u00bb0px||0px||false|false\u00a0\u00bb global_colors_info=\u00a0\u00bb{}\u00a0\u00bb][et_pb_row _builder_version=\u00a0\u00bb4.25.0&Prime; _module_preset=\u00a0\u00bbdefault\u00a0\u00bb global_colors_info=\u00a0\u00bb{}\u00a0\u00bb][et_pb_column type=\u00a0\u00bb4_4&Prime; _builder_version=\u00a0\u00bb4.25.0&Prime; _module_preset=\u00a0\u00bbdefault\u00a0\u00bb global_colors_info=\u00a0\u00bb{}\u00a0\u00bb][et_pb_text _builder_version=\u00a0\u00bb4.25.0&Prime; _module_preset=\u00a0\u00bbdefault\u00a0\u00bb background_color=\u00a0\u00bbrgba(224,153,0,0.14)\u00a0\u00bb custom_margin=\u00a0\u00bb||50px||false|false\u00a0\u00bb custom_padding=\u00a0\u00bb20px|20px|20px|20px|false|false\u00a0\u00bb hover_enabled=\u00a0\u00bb0&Prime; global_colors_info=\u00a0\u00bb{}\u00a0\u00bb sticky_enabled=\u00a0\u00bb0&Prime;]<\/p>\n<p><span style=\"color: #000000;\"><span style=\"font-family: Arial, sans-serif;\"><span style=\"font-size: medium;\"><strong>D\u00e9couverte du tournage \u00e0 partir de 12 ans (initiation)<br \/>Anim\u00e9 par Val\u00e9rie Calvat<br \/><\/strong><br \/><\/span><\/span><\/span>Apprenez les gestes qui permettent de centrer l&rsquo;argile sur un tour \u00e9lectrique pour former un bol. Vous pourrez ramener chez vous le pot ainsi mis en forme. Cuisson comprise.<\/p>\n<p>Dur\u00e9e : 2h30.<\/p>\n<p>Groupe de 4 personnes.<\/p>\n<p>Tarif : 50 euros\/pers.<\/p>\n<p>Lieu : \u00e0 l&rsquo;atelier Comme un Volcan.<\/p>\n<p><strong>Prochaines dates<\/strong><\/p>\n<p class=\"text-build-content\"><span>Mardi 7 avril \u00a0\u00e0 14h30<\/span><\/p>\n<p class=\"text-build-content\"><span>Mercredi 8 avril \u00e0 10 h<\/span><\/p>\n<p class=\"text-build-content\"><span>Jeudi 9 avril \u00e0 10h<\/span><\/p>\n<p class=\"text-build-content\"><span>Samedi 2 mai \u00e0 14h30<\/span><\/p>\n<p class=\"text-build-content\"><span>Autres dates possibles sur demande si vous \u00eates au moins 3 personnes \u00e0 vous inscrire.<br \/><\/span><br \/>Fa\u00eetes-vous conna\u00eetre pour planifier un stage. Des propositions de dates vous seront fa\u00eetes d\u00e8s qu&rsquo;un groupe sera complet.<\/p>\n<p><strong>Renseignements et inscription<\/strong><br \/>Contacter Val\u00e9rie Calvat au 06 48 98 92 52 ou <a href=\"mailto:valerie@calvat.net\">valerie@calvat.net<\/a><\/p>\n<p><span style=\"color: #000000; font-family: Arial, sans-serif; font-size: medium;\"><strong><\/strong><\/span><\/p>\n<p>[\/et_pb_text][et_pb_text _builder_version=\u00a0\u00bb4.25.0&Prime; _module_preset=\u00a0\u00bbdefault\u00a0\u00bb background_color=\u00a0\u00bbrgba(224,153,0,0.14)\u00a0\u00bb custom_padding=\u00a0\u00bb20px|20px|20px|20px|false|false\u00a0\u00bb hover_enabled=\u00a0\u00bb0&Prime; global_colors_info=\u00a0\u00bb{}\u00a0\u00bb sticky_enabled=\u00a0\u00bb0&Prime;]<\/p>\n<p><span style=\"color: #000000;\"><span style=\"font-family: Arial, sans-serif;\"><span style=\"font-size: medium;\"><strong>Stage tournage 2 jours, \u00e0 partir de 12 ans (approfondissement)<br \/>Anim\u00e9 par Val\u00e9rie Calvat<\/strong><\/span><\/span><\/span><\/p>\n<p>Apprenez \u00e0 exercer les bonnes pressions sur l&rsquo;argile lorsqu&rsquo;elle est en rotation sur un tour de potier&#8230; Avec les bons appuis, en contr\u00f4lant votre force et faisant preuve de d\u00e9licatesse.<\/p>\n<p>Val\u00e9rie vous accompagne dans les diff\u00e9rentes \u00e9tapes du tournage pour vous permettre de centrer l&rsquo;argile, de la percer et l&rsquo;ouvrir sans d\u00e9centrer, avant de la r\u00e9partir sur la paroi verticale et de lui donner une forme.<\/p>\n<p>Quatre pi\u00e8ces par personnes seront cuites et \u00e9maill\u00e9es, les autres seront recycl\u00e9es.<\/p>\n<p>Dur\u00e9e : 10h.<\/p>\n<p>Groupe de 4 personnes.<\/p>\n<p>Tarif : 180 euros\/pers.<\/p>\n<p><strong>Prochaines dates<\/strong><\/p>\n<p class=\"text-build-content\"><span>Vendredi 29 et samedi 30 mai (reste 2 places)<\/span><\/p>\n<p class=\"text-build-content\"><span>Samedi 20 et dimanche 21 juin (reste 1 place)<\/span><\/p>\n<p>Lieu : \u00e0 l&rsquo;atelier Comme un Volcan.<\/p>\n<p><strong>Programmation des dates<\/strong><br \/>Fa\u00eetes-vous conna\u00eetre pour planifier un stage. Des propositions de dates vous seront fa\u00eetes d\u00e8s qu&rsquo;un groupe sera complet.<\/p>\n<p><strong>Renseignements et inscription<\/strong><br \/>Contacter Val\u00e9rie Calvat au 06 48 98 92 52 ou <a href=\"mailto:valerie@calvat.net\">valerie@calvat.net<\/a><span style=\"color: #000000;\"><span style=\"font-family: Arial, sans-serif;\"><span style=\"color: #000000; font-family: Arial, sans-serif; font-size: medium;\"><strong><\/strong><\/span><\/span><\/span><\/p>\n<p>[\/et_pb_text][et_pb_text _builder_version=\u00a0\u00bb4.25.0&Prime; _module_preset=\u00a0\u00bbdefault\u00a0\u00bb background_color=\u00a0\u00bbrgba(224,153,0,0.14)\u00a0\u00bb custom_padding=\u00a0\u00bb20px|20px|20px|20px|false|false\u00a0\u00bb global_colors_info=\u00a0\u00bb{}\u00a0\u00bb]<\/p>\n<p><span style=\"color: #000000;\"><span style=\"font-family: Arial, sans-serif;\"><span style=\"font-size: medium;\"><strong>Stage tournage de th\u00e9i\u00e8re sur 2 jours<br \/>Anim\u00e9 par Val\u00e9rie Calvat<\/strong><\/span><\/span><\/span><\/p>\n<p>Ce stage permettra de vous accompagner dans la mise en forme et l\u2019assemblage des diff\u00e9rentes parties constituant une th\u00e9i\u00e8re.<br \/>Destin\u00e9 aux personnes qui ont \u00e9t\u00e9 initi\u00e9es au tournage et se sentent \u00e0 l\u2019aise dans les toutes les \u00e9tapes.<br \/>Les th\u00e9i\u00e8res finies seront cuites et \u00e9maill\u00e9es par mes soins.<\/p>\n<p>Stage organis\u00e9 sur 2 journ\u00e9es cons\u00e9cutives, de 9H \u00e0 12h et de 13h30 \u00e0 16h30.<\/p>\n<p>Dur\u00e9e : 12h.<\/p>\n<p>Groupe de 4 personnes.<\/p>\n<p>Tarif : 180 euros\/pers.<\/p>\n<p>Lieu : \u00e0 l&rsquo;atelier Comme un Volcan.<\/p>\n<p><strong>Programmation des dates<\/strong><br \/>Fa\u00eetes-vous conna\u00eetre pour planifier un stage. Des propositions de dates vous seront fa\u00eetes d\u00e8s qu&rsquo;un groupe sera complet.<\/p>\n<p><strong>Renseignements et inscription<\/strong><br \/>Contacter Val\u00e9rie Calvat au 06 48 98 92 52 ou <a href=\"mailto:valerie@calvat.net\">valerie@calvat.net<\/a><\/p>\n<p><span style=\"color: #000000;\"><span style=\"font-family: Arial, sans-serif;\"><span style=\"color: #000000; font-family: Arial, sans-serif; font-size: medium;\"><strong><\/strong><\/span><\/span><\/span><\/p>\n<p><span style=\"color: #000000;\"><span style=\"font-family: Arial, sans-serif;\"><span style=\"color: #000000; font-family: Arial, sans-serif; font-size: medium;\"><strong><\/strong><\/span><\/span><\/span><\/p>\n<p>[\/et_pb_text][\/et_pb_column][\/et_pb_row][\/et_pb_section]<\/p>\n","protected":false},"excerpt":{"rendered":"<p>En groupe de 4 personnes, diff\u00e9rentes formules sont propos\u00e9es, de l&rsquo;initiation au perfectionnement.<\/p>\n","protected":false},"author":4,"featured_media":455,"comment_status":"open","ping_status":"open","sticky":false,"template":"","format":"standard","meta":{"_et_pb_use_builder":"on","_et_pb_old_content":"<!-- wp:divi\/placeholder \/-->","_et_gb_content_width":"2880","_themeisle_gutenberg_block_has_review":false,"footnotes":""},"categories":[23,25],"tags":[],"class_list":["post-454","post","type-post","status-publish","format-standard","has-post-thumbnail","hentry","category-stages","category-valerie"],"_links":{"self":[{"href":"https:\/\/www.commeunvolcan.fr\/index.php\/wp-json\/wp\/v2\/posts\/454","targetHints":{"allow":["GET"]}}],"collection":[{"href":"https:\/\/www.commeunvolcan.fr\/index.php\/wp-json\/wp\/v2\/posts"}],"about":[{"href":"https:\/\/www.commeunvolcan.fr\/index.php\/wp-json\/wp\/v2\/types\/post"}],"author":[{"embeddable":true,"href":"https:\/\/www.commeunvolcan.fr\/index.php\/wp-json\/wp\/v2\/users\/4"}],"replies":[{"embeddable":true,"href":"https:\/\/www.commeunvolcan.fr\/index.php\/wp-json\/wp\/v2\/comments?post=454"}],"version-history":[{"count":33,"href":"https:\/\/www.commeunvolcan.fr\/index.php\/wp-json\/wp\/v2\/posts\/454\/revisions"}],"predecessor-version":[{"id":1054,"href":"https:\/\/www.commeunvolcan.fr\/index.php\/wp-json\/wp\/v2\/posts\/454\/revisions\/1054"}],"wp:featuredmedia":[{"embeddable":true,"href":"https:\/\/www.commeunvolcan.fr\/index.php\/wp-json\/wp\/v2\/media\/455"}],"wp:attachment":[{"href":"https:\/\/www.commeunvolcan.fr\/index.php\/wp-json\/wp\/v2\/media?parent=454"}],"wp:term":[{"taxonomy":"category","embeddable":true,"href":"https:\/\/www.commeunvolcan.fr\/index.php\/wp-json\/wp\/v2\/categories?post=454"},{"taxonomy":"post_tag","embeddable":true,"href":"https:\/\/www.commeunvolcan.fr\/index.php\/wp-json\/wp\/v2\/tags?post=454"}],"curies":[{"name":"wp","href":"https:\/\/api.w.org\/{rel}","templated":true}]}}