{"id":445,"date":"2024-04-29T19:21:13","date_gmt":"2024-04-29T17:21:13","guid":{"rendered":"http:\/\/www.commeunvolcan.fr\/?p=445"},"modified":"2025-02-07T19:13:28","modified_gmt":"2025-02-07T18:13:28","slug":"secrets-partages","status":"publish","type":"post","link":"https:\/\/www.commeunvolcan.fr\/index.php\/2024\/04\/29\/secrets-partages\/","title":{"rendered":"Secrets partag\u00e9s"},"content":{"rendered":"<p>[et_pb_section fb_built=\u00a0\u00bb1&Prime; _builder_version=\u00a0\u00bb4.25.0&Prime; _module_preset=\u00a0\u00bbdefault\u00a0\u00bb global_colors_info=\u00a0\u00bb{}\u00a0\u00bb][et_pb_row _builder_version=\u00a0\u00bb4.25.0&Prime; _module_preset=\u00a0\u00bbdefault\u00a0\u00bb global_colors_info=\u00a0\u00bb{}\u00a0\u00bb][et_pb_column type=\u00a0\u00bb4_4&Prime; _builder_version=\u00a0\u00bb4.25.0&Prime; _module_preset=\u00a0\u00bbdefault\u00a0\u00bb global_colors_info=\u00a0\u00bb{}\u00a0\u00bb][et_pb_text _builder_version=\u00a0\u00bb4.25.0&Prime; _module_preset=\u00a0\u00bbdefault\u00a0\u00bb background_color=\u00a0\u00bbrgba(224,153,0,0.1)\u00a0\u00bb custom_padding=\u00a0\u00bb20px|20px|20px|20px|false|false\u00a0\u00bb hover_enabled=\u00a0\u00bb0&Prime; global_colors_info=\u00a0\u00bb{}\u00a0\u00bb sticky_enabled=\u00a0\u00bb0&Prime;]<\/p>\n<p><span style=\"color: #000000;\"><span style=\"font-family: Arial, sans-serif;\"><span style=\"font-size: medium;\"><strong>Secrets partag\u00e9s\u00a0&#8211; 2 jours non cons\u00e9cutifs<\/strong>, \u00e0 partir de 10 ans<br \/><strong>Anim\u00e9s par Val\u00e9rie Calvat<\/strong><\/span><\/span><\/span><\/p>\n<p>Au cours de ce stage, Val\u00e9rie partage ses connaissances et vous accompagne dans un processus de cr\u00e9ation d&rsquo;objets du quotidien :\u00a0 d\u00e9couvrez des techniques de fabrication autres que le tournage et des finitions vari\u00e9es telles que les patines cuites, les terres craquel\u00e9es, les terres superpos\u00e9es &#8230;<\/p>\n<p>Dur\u00e9e : 10h<\/p>\n<p>Groupe de 4 personnes.<\/p>\n<p>Tarif : 160 euros \/pers.<\/p>\n<p>Horaires : de 9h30 \u00e0 12h et de 14h \u00e0 16h30.<\/p>\n<p><strong>Programmation des dates<\/strong><br \/>Fa\u00eetes-vous conna\u00eetre pour planifier un stage. Des propositions de dates vous seront fa\u00eetes d\u00e8s qu&rsquo;un groupe sera complet.<\/p>\n<p><strong>Renseignements et inscription<\/strong><br \/>Contacter Val\u00e9rie Calvat au 06 48 98 92 52 ou <a href=\"mailto:valerie@calvat.net\">valerie@calvat.net<\/a><\/p>\n<p>[\/et_pb_text][\/et_pb_column][\/et_pb_row][\/et_pb_section]<\/p>\n","protected":false},"excerpt":{"rendered":"<p>Au cours de ce stage, Val\u00e9rie partage ses connaissances et vous accompagne dans un processus de cr\u00e9ation d&rsquo;objets du quotidien.<\/p>\n","protected":false},"author":4,"featured_media":446,"comment_status":"open","ping_status":"open","sticky":false,"template":"","format":"standard","meta":{"_et_pb_use_builder":"on","_et_pb_old_content":"","_et_gb_content_width":"2880","_themeisle_gutenberg_block_has_review":false,"footnotes":""},"categories":[23,25],"tags":[],"class_list":["post-445","post","type-post","status-publish","format-standard","has-post-thumbnail","hentry","category-stages","category-valerie"],"_links":{"self":[{"href":"https:\/\/www.commeunvolcan.fr\/index.php\/wp-json\/wp\/v2\/posts\/445","targetHints":{"allow":["GET"]}}],"collection":[{"href":"https:\/\/www.commeunvolcan.fr\/index.php\/wp-json\/wp\/v2\/posts"}],"about":[{"href":"https:\/\/www.commeunvolcan.fr\/index.php\/wp-json\/wp\/v2\/types\/post"}],"author":[{"embeddable":true,"href":"https:\/\/www.commeunvolcan.fr\/index.php\/wp-json\/wp\/v2\/users\/4"}],"replies":[{"embeddable":true,"href":"https:\/\/www.commeunvolcan.fr\/index.php\/wp-json\/wp\/v2\/comments?post=445"}],"version-history":[{"count":9,"href":"https:\/\/www.commeunvolcan.fr\/index.php\/wp-json\/wp\/v2\/posts\/445\/revisions"}],"predecessor-version":[{"id":601,"href":"https:\/\/www.commeunvolcan.fr\/index.php\/wp-json\/wp\/v2\/posts\/445\/revisions\/601"}],"wp:featuredmedia":[{"embeddable":true,"href":"https:\/\/www.commeunvolcan.fr\/index.php\/wp-json\/wp\/v2\/media\/446"}],"wp:attachment":[{"href":"https:\/\/www.commeunvolcan.fr\/index.php\/wp-json\/wp\/v2\/media?parent=445"}],"wp:term":[{"taxonomy":"category","embeddable":true,"href":"https:\/\/www.commeunvolcan.fr\/index.php\/wp-json\/wp\/v2\/categories?post=445"},{"taxonomy":"post_tag","embeddable":true,"href":"https:\/\/www.commeunvolcan.fr\/index.php\/wp-json\/wp\/v2\/tags?post=445"}],"curies":[{"name":"wp","href":"https:\/\/api.w.org\/{rel}","templated":true}]}}