{"id":430,"date":"2024-04-28T19:00:47","date_gmt":"2024-04-28T17:00:47","guid":{"rendered":"http:\/\/www.commeunvolcan.fr\/?p=430"},"modified":"2026-01-10T10:51:53","modified_gmt":"2026-01-10T09:51:53","slug":"stage-sculpture-modelage","status":"publish","type":"post","link":"https:\/\/www.commeunvolcan.fr\/index.php\/2024\/04\/28\/stage-sculpture-modelage\/","title":{"rendered":"Stages sculpture-modelage"},"content":{"rendered":"<p>[et_pb_section fb_built=\u00a0\u00bb1&Prime; _builder_version=\u00a0\u00bb4.25.0&Prime; _module_preset=\u00a0\u00bbdefault\u00a0\u00bb global_colors_info=\u00a0\u00bb{}\u00a0\u00bb][et_pb_row _builder_version=\u00a0\u00bb4.25.0&Prime; _module_preset=\u00a0\u00bbdefault\u00a0\u00bb global_colors_info=\u00a0\u00bb{}\u00a0\u00bb][et_pb_column type=\u00a0\u00bb4_4&Prime; _builder_version=\u00a0\u00bb4.25.0&Prime; _module_preset=\u00a0\u00bbdefault\u00a0\u00bb global_colors_info=\u00a0\u00bb{}\u00a0\u00bb][et_pb_text _builder_version=\u00a0\u00bb4.25.0&Prime; _module_preset=\u00a0\u00bbdefault\u00a0\u00bb text_font=\u00a0\u00bb||||||||\u00a0\u00bb text_font_size=\u00a0\u00bb17px\u00a0\u00bb background_color=\u00a0\u00bbrgba(224,153,0,0.13)\u00a0\u00bb custom_padding=\u00a0\u00bb20px|20px|20px|20px|false|false\u00a0\u00bb hover_enabled=\u00a0\u00bb0&Prime; global_colors_info=\u00a0\u00bb{}\u00a0\u00bb sticky_enabled=\u00a0\u00bb0&Prime;]<\/p>\n<p><strong><span style=\"color: #000000;\"><span style=\"font-family: Arial, sans-serif;\"><span style=\"font-size: medium;\">Buste ou personnage en pied &#8211; 2 jours cons\u00e9cutifs &#8211; Adultes<br \/>Anim\u00e9 par Val\u00e9rie Calvat<\/span><\/span><\/span><\/strong><\/p>\n<p>Les proportions du corps humain en volume et la recherche d\u2019expressivit\u00e9 seront \u00e9tudi\u00e9s pour r\u00e9aliser votre sculpture (buste ou personnage en pied). D\u00e9butant ou pas, je vous apporterai connaissances et soutien, aussi laissez vous surprendre\u00a0!<\/p>\n<p>Dur\u00e9e : 15h.<\/p>\n<p>Groupe de 4 personnes.<\/p>\n<p>Tarif : 230 euros\/pers (cuisson comprise).<\/p>\n<p>Horaires : de 9h \u00e012h et 13h30 \u00e0 18h.<\/p>\n<p>Lieu : \u00e0 l&rsquo;atelier Comme un Volcan<\/p>\n<p><strong>Prochaine date, pour un personnage en pied<\/strong><\/p>\n<p>Samedi 7 et dimanche 8 mars 2026<\/p>\n<p><strong>Dates \u00e0 programmer<\/strong><br \/>Fa\u00eetes-vous conna\u00eetre pour planifier un stage. Des propositions de dates vous seront fa\u00eetes d\u00e8s qu&rsquo;un groupe sera complet.<\/p>\n<p><strong>Renseignements et inscription<\/strong><br \/>Contacter Val\u00e9rie Calvat au 06 48 98 92 52 ou <a href=\"mailto:valerie@calvat.net\">valerie@calvat.net<\/a><\/p>\n<p>[\/et_pb_text][\/et_pb_column][\/et_pb_row][et_pb_row _builder_version=\u00a0\u00bb4.25.0&Prime; _module_preset=\u00a0\u00bbdefault\u00a0\u00bb global_colors_info=\u00a0\u00bb{}\u00a0\u00bb][et_pb_column type=\u00a0\u00bb4_4&Prime; _builder_version=\u00a0\u00bb4.25.0&Prime; _module_preset=\u00a0\u00bbdefault\u00a0\u00bb global_colors_info=\u00a0\u00bb{}\u00a0\u00bb][et_pb_text _builder_version=\u00a0\u00bb4.25.0&Prime; _module_preset=\u00a0\u00bbdefault\u00a0\u00bb text_font=\u00a0\u00bb||||||||\u00a0\u00bb text_font_size=\u00a0\u00bb17px\u00a0\u00bb background_color=\u00a0\u00bbrgba(224,153,0,0.13)\u00a0\u00bb custom_padding=\u00a0\u00bb20px|20px|20px|20px|false|false\u00a0\u00bb global_colors_info=\u00a0\u00bb{}\u00a0\u00bb]<\/p>\n<p><strong><span style=\"color: #000000;\"><span style=\"font-family: Arial, sans-serif;\"><span style=\"font-size: medium;\"><b>Modelage animaux<\/b> &#8211; 2 jours cons\u00e9cutifs &#8211; Adultes<br \/>Anim\u00e9 par Ma\u00efa Ballot<\/span><\/span><\/span><\/strong><\/p>\n<p>Le modelage est une invitation \u00e0 l&rsquo;observation,\u00a0 pour retranscrire au mieux ce qui caract\u00e9rise chaque esp\u00e8ce animale, la chercher du bout des doigts.<\/p>\n<p>Vous fa\u00e7onnerez, \u00e9tape par \u00e9tape, le modelage de l&rsquo;animal de votre choix. Des photos nous guideront pour trouver les bonnes proportions, les volumes, l&rsquo;expression&#8230;<\/p>\n<p><span>Dur\u00e9e : 12h.<\/span><\/p>\n<p><span>Groupe de 3 \u00e0 5 personnes.<\/span><\/p>\n<p><span>Tarif : 200 euros\/pers (cuisson comprise).<\/span><\/p>\n<p><span>Horaires : de 9h30 \u00e0 12h et 14h \u00e0 17h30.<\/span><\/p>\n<p><span>Date : \u00e0 d\u00e9finir ensemble.<\/span><\/p>\n<p><span>Lieu : \u00e0 l\u2019atelier Comme un Volcan<\/span><\/p>\n<p><span><b>Inscription<\/b><br \/><\/span><span>Contacter Ma\u00efa Ballot au 06 80825836 ou <b><a href=\"mailto:maiargile@gmail.com\" target=\"_blank\" moz-do-not-send=\"true\" class=\"moz-txt-link-freetext\" rel=\"noopener\">maiargile@gmail.com<\/a>.<br \/><\/b>Laissez-moi votre adresse mail et t\u00e9l\u00e9phone portable. D\u00e8s qu\u2019un groupe de minimum 3 personnes est constitu\u00e9, un sondage est envoy\u00e9 pour trouver les dates qui conviendront \u00e0 tous.<\/span><\/p>\n<p><a href=\"mailto:valerie@calvat.net\" style=\"font-size: 17px;\"><\/a><\/p>\n<p>[\/et_pb_text][\/et_pb_column][\/et_pb_row][et_pb_row _builder_version=\u00a0\u00bb4.25.0&Prime; _module_preset=\u00a0\u00bbdefault\u00a0\u00bb global_colors_info=\u00a0\u00bb{}\u00a0\u00bb][et_pb_column type=\u00a0\u00bb4_4&Prime; _builder_version=\u00a0\u00bb4.25.0&Prime; _module_preset=\u00a0\u00bbdefault\u00a0\u00bb global_colors_info=\u00a0\u00bb{}\u00a0\u00bb][et_pb_text _builder_version=\u00a0\u00bb4.25.0&Prime; _module_preset=\u00a0\u00bbdefault\u00a0\u00bb text_font=\u00a0\u00bb||||||||\u00a0\u00bb text_font_size=\u00a0\u00bb17px\u00a0\u00bb background_color=\u00a0\u00bbrgba(224,153,0,0.13)\u00a0\u00bb custom_padding=\u00a0\u00bb20px|20px|20px|20px|false|false\u00a0\u00bb global_colors_info=\u00a0\u00bb{}\u00a0\u00bb]<\/p>\n<p><strong><span style=\"color: #000000;\"><span style=\"font-family: Arial, sans-serif;\"><span style=\"font-size: medium;\"><b>Fa\u00e7onnage aux colombins<\/b> &#8211; 2 jours cons\u00e9cutifs &#8211; Adultes<br \/>Anim\u00e9 par Ma\u00efa Ballot<\/span><\/span><\/span><\/strong><\/p>\n<p>Avec la technique d&rsquo;assemblage de colombins, vous monterez progressivement un volume. Les \u00e9tapes de s\u00e9chage permettront de monter la pi\u00e8ce sur plusieurs dizaines de centim\u00e8tres, ce qui est id\u00e9al pour la r\u00e9alisation de pots pour les plantes&#8230; Un travail d&#8217;empreintes, de motifs grav\u00e9s, de mati\u00e8re, pourra venir personnaliser la surface de votre pi\u00e8ce.<\/p>\n<p><span>Dur\u00e9e : 12h.<\/span><\/p>\n<p><span>Groupe de 3 \u00e0 5 personnes.<\/span><\/p>\n<p><span>Tarif : 200 euros\/pers (cuisson gr\u00e9s comprise).<\/span><\/p>\n<p><span>Horaires : de 9h30 \u00e0 12h et 14h \u00e0 17h30.<\/span><\/p>\n<p><span>Date : \u00e0 d\u00e9finir ensemble.<\/span><\/p>\n<p><span>Lieu : \u00e0 l\u2019atelier Comme un Volcan<\/span><\/p>\n<p><span><b>Inscription<\/b><br \/><\/span><span>Contacter Ma\u00efa Ballot au 06 80825836 ou <b><a href=\"mailto:maiargile@gmail.com\" target=\"_blank\" moz-do-not-send=\"true\" class=\"moz-txt-link-freetext\" rel=\"noopener\">maiargile@gmail.com<\/a>.<br \/><\/b>Laissez-moi votre adresse mail et t\u00e9l\u00e9phone portable. D\u00e8s qu\u2019un groupe de minimum 3 personnes est constitu\u00e9, un sondage est envoy\u00e9 pour trouver les dates qui conviendront \u00e0 tous.<\/span><\/p>\n<p>&nbsp;<\/p>\n<p>[\/et_pb_text][\/et_pb_column][\/et_pb_row][\/et_pb_section]<\/p>\n","protected":false},"excerpt":{"rendered":"<p>Mettez en forme l\u2019argile pour r\u00e9aliser bustes, personnages en pied, animaux&#8230; Ma\u00efa ou Val\u00e9rie vous guident tout au long du processus de cr\u00e9ation et de fabrication.<\/p>\n","protected":false},"author":4,"featured_media":431,"comment_status":"open","ping_status":"open","sticky":false,"template":"","format":"standard","meta":{"_et_pb_use_builder":"on","_et_pb_old_content":"","_et_gb_content_width":"2880","_themeisle_gutenberg_block_has_review":false,"footnotes":""},"categories":[24,23,25],"tags":[],"class_list":["post-430","post","type-post","status-publish","format-standard","has-post-thumbnail","hentry","category-maia","category-stages","category-valerie"],"_links":{"self":[{"href":"https:\/\/www.commeunvolcan.fr\/index.php\/wp-json\/wp\/v2\/posts\/430","targetHints":{"allow":["GET"]}}],"collection":[{"href":"https:\/\/www.commeunvolcan.fr\/index.php\/wp-json\/wp\/v2\/posts"}],"about":[{"href":"https:\/\/www.commeunvolcan.fr\/index.php\/wp-json\/wp\/v2\/types\/post"}],"author":[{"embeddable":true,"href":"https:\/\/www.commeunvolcan.fr\/index.php\/wp-json\/wp\/v2\/users\/4"}],"replies":[{"embeddable":true,"href":"https:\/\/www.commeunvolcan.fr\/index.php\/wp-json\/wp\/v2\/comments?post=430"}],"version-history":[{"count":18,"href":"https:\/\/www.commeunvolcan.fr\/index.php\/wp-json\/wp\/v2\/posts\/430\/revisions"}],"predecessor-version":[{"id":1032,"href":"https:\/\/www.commeunvolcan.fr\/index.php\/wp-json\/wp\/v2\/posts\/430\/revisions\/1032"}],"wp:featuredmedia":[{"embeddable":true,"href":"https:\/\/www.commeunvolcan.fr\/index.php\/wp-json\/wp\/v2\/media\/431"}],"wp:attachment":[{"href":"https:\/\/www.commeunvolcan.fr\/index.php\/wp-json\/wp\/v2\/media?parent=430"}],"wp:term":[{"taxonomy":"category","embeddable":true,"href":"https:\/\/www.commeunvolcan.fr\/index.php\/wp-json\/wp\/v2\/categories?post=430"},{"taxonomy":"post_tag","embeddable":true,"href":"https:\/\/www.commeunvolcan.fr\/index.php\/wp-json\/wp\/v2\/tags?post=430"}],"curies":[{"name":"wp","href":"https:\/\/api.w.org\/{rel}","templated":true}]}}